{"id":1027,"date":"2015-08-13T09:18:19","date_gmt":"2015-08-13T09:18:19","guid":{"rendered":"http:\/\/albertobernalcomposer.apps-1and1.net\/?p=1027"},"modified":"2016-07-20T08:18:18","modified_gmt":"2016-07-20T08:18:18","slug":"ritratto-con-voce","status":"publish","type":"post","link":"https:\/\/albertobernal.net\/es\/ritratto-con-voce","title":{"rendered":"Camar\u00f3n de la isla (ritratto con voce)"},"content":{"rendered":"<p><strong>Plantilla:<\/strong> saxo, piano y v\u00eddeo<br \/>\n<strong>Creaci\u00f3n:<\/strong> noviembre 2013<br \/>\n<strong>Duraci\u00f3n:<\/strong> ca. 7 min.<\/p>\n<p><strong><em><a style=\"color: #998374;\" href=\"http:\/\/scores.albertobernal.net\/bernal_portraits-camaron.pdf\" target=\"_blank\">\u2192 Partitura completa<\/a><\/em><\/strong><\/p>\n<hr \/>\n<p><img loading=\"lazy\" decoding=\"async\" class=\"alignleft wp-image-1029 size-large\" src=\"https:\/\/albertobernal.net\/wp-content\/uploads\/2015\/08\/xcamaron-2-1024x768.jpg\" alt=\"retratos - camar\u00f3n\" width=\"1024\" height=\"768\" srcset=\"https:\/\/albertobernal.net\/wp-content\/uploads\/2015\/08\/xcamaron-2-1024x768.jpg 1024w, https:\/\/albertobernal.net\/wp-content\/uploads\/2015\/08\/xcamaron-2-300x225.jpg 300w, https:\/\/albertobernal.net\/wp-content\/uploads\/2015\/08\/xcamaron-2.jpg 1200w\" sizes=\"auto, (max-width: 1024px) 100vw, 1024px\" \/><\/p>\n<p style=\"text-align: justify;\"><em>Si bien este \u00abretrato\u00bb se inscribe dentro de la serie para piano y v\u00eddeo en tiempo real, al mismo tiempo ocupa un lugar independiente gracias a la particularidad de su plantilla (saxo y piano), que a su vez a\u00f1ade un nuevo elemento al retrato en s\u00ed: junto al retrato pict\u00f3rico sonificado por el piano, aparece una larga l\u00ednea en el saxo elaborada a partir de la extrema elongaci\u00f3n de un \u00abay\u00bb de 3 segundos del propio Camar\u00f3n: ritratto con voce.<\/em><\/p>\n<p style=\"text-align: right;\"><strong><em><a style=\"color: #998374;\" href=\"https:\/\/albertobernal.net\/series\/portraits\">\u2192 serie \u00abretratos\u00bb<\/a><\/em><\/strong><\/p>\n<hr \/>\n<p><\/p>","protected":false},"excerpt":{"rendered":"<p>saxo, piano y v\u00eddeo<\/p>\n","protected":false},"author":1,"featured_media":992,"comment_status":"closed","ping_status":"open","sticky":false,"template":"","format":"standard","meta":{"footnotes":""},"categories":[53,23,69],"tags":[],"class_list":["post-1027","post","type-post","status-publish","format-standard","has-post-thumbnail","hentry","category-2-6-instruments","category-portraits","category-video"],"_links":{"self":[{"href":"https:\/\/albertobernal.net\/es\/wp-json\/wp\/v2\/posts\/1027","targetHints":{"allow":["GET"]}}],"collection":[{"href":"https:\/\/albertobernal.net\/es\/wp-json\/wp\/v2\/posts"}],"about":[{"href":"https:\/\/albertobernal.net\/es\/wp-json\/wp\/v2\/types\/post"}],"author":[{"embeddable":true,"href":"https:\/\/albertobernal.net\/es\/wp-json\/wp\/v2\/users\/1"}],"replies":[{"embeddable":true,"href":"https:\/\/albertobernal.net\/es\/wp-json\/wp\/v2\/comments?post=1027"}],"version-history":[{"count":12,"href":"https:\/\/albertobernal.net\/es\/wp-json\/wp\/v2\/posts\/1027\/revisions"}],"predecessor-version":[{"id":2521,"href":"https:\/\/albertobernal.net\/es\/wp-json\/wp\/v2\/posts\/1027\/revisions\/2521"}],"wp:featuredmedia":[{"embeddable":true,"href":"https:\/\/albertobernal.net\/es\/wp-json\/wp\/v2\/media\/992"}],"wp:attachment":[{"href":"https:\/\/albertobernal.net\/es\/wp-json\/wp\/v2\/media?parent=1027"}],"wp:term":[{"taxonomy":"category","embeddable":true,"href":"https:\/\/albertobernal.net\/es\/wp-json\/wp\/v2\/categories?post=1027"},{"taxonomy":"post_tag","embeddable":true,"href":"https:\/\/albertobernal.net\/es\/wp-json\/wp\/v2\/tags?post=1027"}],"curies":[{"name":"wp","href":"https:\/\/api.w.org\/{rel}","templated":true}]}}