{"id":2827,"date":"2019-05-13T07:50:21","date_gmt":"2019-05-13T07:50:21","guid":{"rendered":"http:\/\/albertobernal.net\/?p=2827"},"modified":"2022-05-18T11:16:07","modified_gmt":"2022-05-18T11:16:07","slug":"a-tempo-2","status":"publish","type":"post","link":"https:\/\/albertobernal.net\/es\/a-tempo-2","title":{"rendered":"A Tempo"},"content":{"rendered":"<p><strong>Plantilla:<\/strong>\u00a04 saxofones tenor + video<br \/>\n<strong>Creaci\u00f3n:<\/strong>\u00a0junio-agosto 2018<br \/>\n<strong>Estreno:<\/strong>\u00a029 septiembre 2018. Museo Vostell-Malpartida. SIGMA PROJECT<br \/>\n<strong>Duraci\u00f3n: <\/strong>15 minutos<\/p>\n<p><strong><span style=\"color: #998374;\"><em><a style=\"color: #998374;\" href=\"http:\/\/scores.albertobernal.net\/bernal_A Tempo.pdf\" target=\"_blank\" rel=\"noopener noreferrer\">\u2192 Partitura completa<\/a><\/em><\/span><\/strong><\/p>\n<hr \/>\n<p><iframe loading=\"lazy\" src=\"https:\/\/www.youtube.com\/embed\/fGmRhnXWDYo?rel=0&amp;modestbranding=0&amp;autoplay=1\" width=\"640\" height=\"360\" allowfullscreen=\"allowfullscreen\"><\/iframe><br \/>\nA Tempo<em> gira en torno a una de las problem\u00e1ticas m\u00e1s acuciantes de las sociedades tardomodernas, brillantemente analizado por el fil\u00f3sofo Harmut Rosa: el poder totalitario del tiempo, \u201cun principio abstracto que, sin embargo,\u00a0 somete a su autoridad a todos los que viven bajo el mismo\u201d (H. R., \u201calienaci\u00f3n y aceleraci\u00f3n\u201d).\u00a0 El tiempo deja de ser el medio que hab\u00eda sido para convertirse en un objetivo en s\u00ed mismo: la aceleraci\u00f3n por la aceleraci\u00f3n, la velocidad por la velocidad.<br \/>\n<\/em><em>\u00a0 En la obra, el imperativo \u201cA tempo\u201d es puesto en primer plano a trav\u00e9s de su instrumento de medida e imposici\u00f3n por excelencia: el metr\u00f3nomo. La relaci\u00f3n entre cuatro individuos y una temporalidad impuesta en constante accelerando marca el devenir de un discurso musical que se va poco a poco vaciando de contenido para convertirse en mero tiempo abstracto.<\/em><strong>Plantilla:<\/strong>\u00a04 saxofones tenor + video<br \/>\n<strong>Creaci\u00f3n:<\/strong>\u00a0junio-agosto 2018<br \/>\n<strong>Estreno:<\/strong>\u00a029 septiembre 2018. Museo Vostell-Malpartida. SIGMA PROJECT<br \/>\n<strong>Duraci\u00f3n: <\/strong>15 minutos<\/p>\n<p><strong><span style=\"color: #998374;\"><em><a style=\"color: #998374;\" href=\"http:\/\/scores.albertobernal.net\/bernal_A Tempo.pdf\" target=\"_blank\" rel=\"noopener noreferrer\">\u2192 Partitura completa<\/a><\/em><\/span><\/strong><\/p>\n<hr \/>\n<p><iframe loading=\"lazy\" src=\"https:\/\/www.youtube.com\/embed\/fGmRhnXWDYo?rel=0&amp;modestbranding=0&amp;autoplay=1\" width=\"640\" height=\"360\" allowfullscreen=\"allowfullscreen\"><\/iframe><br \/>\nA Tempo<em> gira en torno a una de las problem\u00e1ticas m\u00e1s acuciantes de las sociedades tardomodernas, brillantemente analizado por el fil\u00f3sofo Harmut Rosa: el poder totalitario del tiempo, \u201cun principio abstracto que, sin embargo,\u00a0 somete a su autoridad a todos los que viven bajo el mismo\u201d (H. R., \u201calienaci\u00f3n y aceleraci\u00f3n\u201d).\u00a0 El tiempo deja de ser el medio que hab\u00eda sido para convertirse en un objetivo en s\u00ed mismo: la aceleraci\u00f3n por la aceleraci\u00f3n, la velocidad por la velocidad.<br \/>\n<\/em><em>\u00a0 En la obra, el imperativo \u201cA tempo\u201d es puesto en primer plano a trav\u00e9s de su instrumento de medida e imposici\u00f3n por excelencia: el metr\u00f3nomo. La relaci\u00f3n entre cuatro individuos y una temporalidad impuesta en constante accelerando marca el devenir de un discurso musical que se va poco a poco vaciando de contenido para convertirse en mero tiempo abstracto.<\/em><strong>Plantilla:<\/strong>\u00a04 saxofones tenor + video<br \/>\n<strong>Creaci\u00f3n:<\/strong>\u00a0junio-agosto 2018<br \/>\n<strong>Estreno:<\/strong>\u00a029 septiembre 2018. Museo Vostell-Malpartida. SIGMA PROJECT<br \/>\n<strong>Duraci\u00f3n: <\/strong>15 minutos<\/p>\n<p><strong><span style=\"color: #998374;\"><em><a style=\"color: #998374;\" href=\"http:\/\/scores.albertobernal.net\/bernal_A Tempo.pdf\" target=\"_blank\" rel=\"noopener noreferrer\">\u2192 Partitura completa<\/a><\/em><\/span><\/strong><\/p>\n<hr \/>\n<p><iframe loading=\"lazy\" src=\"https:\/\/www.youtube.com\/embed\/fGmRhnXWDYo?rel=0&amp;modestbranding=0&amp;autoplay=1\" width=\"640\" height=\"360\" allowfullscreen=\"allowfullscreen\"><\/iframe><br \/>\nA Tempo<em> gira en torno a una de las problem\u00e1ticas m\u00e1s acuciantes de las sociedades tardomodernas, brillantemente analizado por el fil\u00f3sofo Harmut Rosa: el poder totalitario del tiempo, \u201cun principio abstracto que, sin embargo,\u00a0 somete a su autoridad a todos los que viven bajo el mismo\u201d (H. R., \u201calienaci\u00f3n y aceleraci\u00f3n\u201d).\u00a0 El tiempo deja de ser el medio que hab\u00eda sido para convertirse en un objetivo en s\u00ed mismo: la aceleraci\u00f3n por la aceleraci\u00f3n, la velocidad por la velocidad.<br \/>\n<\/em><em>\u00a0 En la obra, el imperativo \u201cA tempo\u201d es puesto en primer plano a trav\u00e9s de su instrumento de medida e imposici\u00f3n por excelencia: el metr\u00f3nomo. La relaci\u00f3n entre cuatro individuos y una temporalidad impuesta en constante accelerando marca el devenir de un discurso musical que se va poco a poco vaciando de contenido para convertirse en mero tiempo abstracto.<\/em><strong>Plantilla:<\/strong>\u00a04 saxofones tenor + video<br \/>\n<strong>Creaci\u00f3n:<\/strong>\u00a0junio-agosto 2018<br \/>\n<strong>Estreno:<\/strong>\u00a029 septiembre 2018. Museo Vostell-Malpartida. SIGMA PROJECT<br \/>\n<strong>Duraci\u00f3n: <\/strong>15 minutos<\/p>\n<p><strong><span style=\"color: #998374;\"><em><a style=\"color: #998374;\" href=\"http:\/\/scores.albertobernal.net\/bernal_A Tempo.pdf\" target=\"_blank\" rel=\"noopener noreferrer\">\u2192 Partitura completa<\/a><\/em><\/span><\/strong><\/p>\n<hr \/>\n<p><iframe loading=\"lazy\" src=\"https:\/\/www.youtube.com\/embed\/fGmRhnXWDYo?rel=0&amp;modestbranding=0&amp;autoplay=1\" width=\"640\" height=\"360\" allowfullscreen=\"allowfullscreen\"><\/iframe><br \/>\nA Tempo<em> gira en torno a una de las problem\u00e1ticas m\u00e1s acuciantes de las sociedades tardomodernas, brillantemente analizado por el fil\u00f3sofo Harmut Rosa: el poder totalitario del tiempo, \u201cun principio abstracto que, sin embargo,\u00a0 somete a su autoridad a todos los que viven bajo el mismo\u201d (H. R., \u201calienaci\u00f3n y aceleraci\u00f3n\u201d).\u00a0 El tiempo deja de ser el medio que hab\u00eda sido para convertirse en un objetivo en s\u00ed mismo: la aceleraci\u00f3n por la aceleraci\u00f3n, la velocidad por la velocidad.<br \/>\n<\/em><em>\u00a0 En la obra, el imperativo \u201cA tempo\u201d es puesto en primer plano a trav\u00e9s de su instrumento de medida e imposici\u00f3n por excelencia: el metr\u00f3nomo. La relaci\u00f3n entre cuatro individuos y una temporalidad impuesta en constante accelerando marca el devenir de un discurso musical que se va poco a poco vaciando de contenido para convertirse en mero tiempo abstracto.<\/em><\/p>","protected":false},"excerpt":{"rendered":"<p>4 saxophones + video (2018)<\/p>\n","protected":false},"author":1,"featured_media":0,"comment_status":"closed","ping_status":"open","sticky":false,"template":"","format":"standard","meta":{"footnotes":""},"categories":[1],"tags":[],"class_list":["post-2827","post","type-post","status-publish","format-standard","hentry","category-no-category"],"_links":{"self":[{"href":"https:\/\/albertobernal.net\/es\/wp-json\/wp\/v2\/posts\/2827","targetHints":{"allow":["GET"]}}],"collection":[{"href":"https:\/\/albertobernal.net\/es\/wp-json\/wp\/v2\/posts"}],"about":[{"href":"https:\/\/albertobernal.net\/es\/wp-json\/wp\/v2\/types\/post"}],"author":[{"embeddable":true,"href":"https:\/\/albertobernal.net\/es\/wp-json\/wp\/v2\/users\/1"}],"replies":[{"embeddable":true,"href":"https:\/\/albertobernal.net\/es\/wp-json\/wp\/v2\/comments?post=2827"}],"version-history":[{"count":23,"href":"https:\/\/albertobernal.net\/es\/wp-json\/wp\/v2\/posts\/2827\/revisions"}],"predecessor-version":[{"id":3469,"href":"https:\/\/albertobernal.net\/es\/wp-json\/wp\/v2\/posts\/2827\/revisions\/3469"}],"wp:attachment":[{"href":"https:\/\/albertobernal.net\/es\/wp-json\/wp\/v2\/media?parent=2827"}],"wp:term":[{"taxonomy":"category","embeddable":true,"href":"https:\/\/albertobernal.net\/es\/wp-json\/wp\/v2\/categories?post=2827"},{"taxonomy":"post_tag","embeddable":true,"href":"https:\/\/albertobernal.net\/es\/wp-json\/wp\/v2\/tags?post=2827"}],"curies":[{"name":"wp","href":"https:\/\/api.w.org\/{rel}","templated":true}]}}