{"id":335,"date":"2015-08-14T07:31:14","date_gmt":"2015-08-14T07:31:14","guid":{"rendered":"http:\/\/albertobernalcomposer.apps-1and1.net\/?p=335"},"modified":"2020-10-14T18:38:51","modified_gmt":"2020-10-14T18:38:51","slug":"no-studies-2","status":"publish","type":"post","link":"https:\/\/albertobernal.net\/es\/no-studies-2","title":{"rendered":"NO studies #2. \u00abMadrid, 2011\/5\/20 23h44m43s\u00bb"},"content":{"rendered":"<p><span lang=\"DE\"><strong>Plantilla:<\/strong> electroac\u00fastica. 2 canales<br \/>\n<strong>Creaci\u00f3n:<\/strong> junio 2014<br \/>\n<strong>Estreno:<\/strong> 31 de octubre 2014. AudioMad, Centro Centro (Madrid)<br \/>\n<strong>Duraci\u00f3n: <\/strong>4 min.<\/span><\/p>\n<hr \/>\n<p><iframe loading=\"lazy\" src=\"https:\/\/w.soundcloud.com\/player\/?url=https%3A\/\/api.soundcloud.com\/tracks\/184287589&amp;auto_play=false&amp;hide_related=false&amp;show_comments=false&amp;show_user=false&amp;show_reposts=false&amp;visual=false&amp;show_artwork=false&amp;color=998374\" width=\"100%\" height=\"100\" frameborder=\"no\" scrolling=\"no\"><\/iframe><\/p>\n<p style=\"text-align: justify;\"><em>La obra pertenece a una serie de estudios sonoros sobre diversas manifestaciones y acepciones de la palabra NO.<\/em><br \/>\n<em> Esta segunda obra de la serie toma como \u00fanico material un extracto de un segundo de duraci\u00f3n grabado en una protesta en Madrid en la fecha e instante que indica el subt\u00edtulo. La obra es una amplificaci\u00f3n temporal en 4 minutos del segundo original, en el que miles de personas gritan a coro la palabra \u00abNO\u00bb.<\/em><\/p>\n<p style=\"text-align: right;\"><strong><em><a style=\"color: #998374;\" href=\"https:\/\/albertobernal.net\/no-studies\">\u2192 serie \u00abNO studies\u00bb<\/a><\/em><\/strong><\/p>\n<p><\/p>","protected":false},"excerpt":{"rendered":"<p>tape (2014)<\/p>\n","protected":false},"author":1,"featured_media":764,"comment_status":"closed","ping_status":"open","sticky":false,"template":"","format":"standard","meta":{"footnotes":""},"categories":[82,45],"tags":[],"class_list":["post-335","post","type-post","status-publish","format-standard","has-post-thumbnail","hentry","category-no-studies","category-tape"],"_links":{"self":[{"href":"https:\/\/albertobernal.net\/es\/wp-json\/wp\/v2\/posts\/335","targetHints":{"allow":["GET"]}}],"collection":[{"href":"https:\/\/albertobernal.net\/es\/wp-json\/wp\/v2\/posts"}],"about":[{"href":"https:\/\/albertobernal.net\/es\/wp-json\/wp\/v2\/types\/post"}],"author":[{"embeddable":true,"href":"https:\/\/albertobernal.net\/es\/wp-json\/wp\/v2\/users\/1"}],"replies":[{"embeddable":true,"href":"https:\/\/albertobernal.net\/es\/wp-json\/wp\/v2\/comments?post=335"}],"version-history":[{"count":26,"href":"https:\/\/albertobernal.net\/es\/wp-json\/wp\/v2\/posts\/335\/revisions"}],"predecessor-version":[{"id":3242,"href":"https:\/\/albertobernal.net\/es\/wp-json\/wp\/v2\/posts\/335\/revisions\/3242"}],"wp:featuredmedia":[{"embeddable":true,"href":"https:\/\/albertobernal.net\/es\/wp-json\/wp\/v2\/media\/764"}],"wp:attachment":[{"href":"https:\/\/albertobernal.net\/es\/wp-json\/wp\/v2\/media?parent=335"}],"wp:term":[{"taxonomy":"category","embeddable":true,"href":"https:\/\/albertobernal.net\/es\/wp-json\/wp\/v2\/categories?post=335"},{"taxonomy":"post_tag","embeddable":true,"href":"https:\/\/albertobernal.net\/es\/wp-json\/wp\/v2\/tags?post=335"}],"curies":[{"name":"wp","href":"https:\/\/api.w.org\/{rel}","templated":true}]}}