{"id":606,"date":"2015-08-06T10:38:37","date_gmt":"2015-08-06T10:38:37","guid":{"rendered":"http:\/\/albertobernalcomposer.apps-1and1.net\/?p=606"},"modified":"2015-09-06T09:57:39","modified_gmt":"2015-09-06T09:57:39","slug":"cycle-deconstruction","status":"publish","type":"post","link":"https:\/\/albertobernal.net\/es\/cycle-deconstruction","title":{"rendered":"de la deconstrucci\u00f3n de un ciclo"},"content":{"rendered":"<p><strong>Plantilla:<\/strong> 2 pianistas y 2 percusionistas + tape<br \/>\n<strong>Creaci\u00f3n:<\/strong> abril-octubre 2005<br \/>\n<strong>Estreno:<\/strong> 14 de abril de 2008. Conservatorio profesional de Salamanca. PROYECTO SONATA<br \/>\n<strong>Duraci\u00f3n:<\/strong> 18 min.<\/p>\n<p><strong><em><a style=\"color: #998374;\" href=\"http:\/\/scores.albertobernal.net\/bernal_cycle.pdf\" target=\"_blank\">\u2192 Partitura completa<\/a><\/em><\/strong><\/p>\n<hr \/>\n<p style=\"text-align: justify;\"><img loading=\"lazy\" decoding=\"async\" class=\"aligncenter wp-image-607 size-large\" src=\"https:\/\/albertobernal.net\/wp-content\/uploads\/2015\/08\/cycle-1024x728.png\" alt=\"cycle\" width=\"1024\" height=\"728\" srcset=\"https:\/\/albertobernal.net\/wp-content\/uploads\/2015\/08\/cycle-1024x728.png 1024w, https:\/\/albertobernal.net\/wp-content\/uploads\/2015\/08\/cycle-300x213.png 300w, https:\/\/albertobernal.net\/wp-content\/uploads\/2015\/08\/cycle.png 1160w\" sizes=\"auto, (max-width: 1024px) 100vw, 1024px\" \/><br \/>\n<em>Al igual que en las otras obras de la serie \u201cdeconstrucciones\u201d, la deconstrucci\u00f3n de un principio se erige en principio discursivo de la obra. \u201cde la deconstrucci\u00f3n de un ciclo\u201d toma como punto de partida la repeteici\u00f3n de un modelo de figuraci\u00f3n de ocho partes, donde aparecen siempre las mismas acciones en el piano, as\u00ed como los mismos movimientos en los percusionistas.. la deconstrucci\u00f3n de tal principio de repetici\u00f3n es escenificada por medio de distintos procedimientos, que desplazan la dramaturgia del discurso a las desviaciones de tal principio: intervenciones percusivas, pausas activas, deformaciones de los elementos en cada parte, negaci\u00f3n concreta del modelo o modificaci\u00f3n en la escucha por medi ade la confrontaci\u00f3n del modelo con sonidos del mundo \u201cexterior\u201d.<\/em><\/p>\n<p style=\"text-align: right;\"><strong><em><a style=\"color: #998374;\" href=\"https:\/\/albertobernal.net\/deconstructions\">\u2192 serie \u00abdeconstrucciones\u00bb<\/a><\/em><\/strong><\/p>\n<p style=\"text-align: center;\"><iframe loading=\"lazy\" src=\"https:\/\/player.vimeo.com\/video\/33974441?color=998374&amp;title=0&amp;byline=0&amp;portrait=0\" width=\"640\" height=\"360\" frameborder=\"0\" allowfullscreen=\"allowfullscreen\"><\/iframe><\/p>\n<p><\/p>","protected":false},"excerpt":{"rendered":"<p>2 pno, 2 perc + tape opcional (2005)<\/p>\n","protected":false},"author":1,"featured_media":766,"comment_status":"closed","ping_status":"open","sticky":false,"template":"","format":"standard","meta":{"footnotes":""},"categories":[53,31,61,47],"tags":[],"class_list":["post-606","post","type-post","status-publish","format-standard","has-post-thumbnail","hentry","category-2-6-instruments","category-deconstructions","category-percussion","category-electronica"],"_links":{"self":[{"href":"https:\/\/albertobernal.net\/es\/wp-json\/wp\/v2\/posts\/606","targetHints":{"allow":["GET"]}}],"collection":[{"href":"https:\/\/albertobernal.net\/es\/wp-json\/wp\/v2\/posts"}],"about":[{"href":"https:\/\/albertobernal.net\/es\/wp-json\/wp\/v2\/types\/post"}],"author":[{"embeddable":true,"href":"https:\/\/albertobernal.net\/es\/wp-json\/wp\/v2\/users\/1"}],"replies":[{"embeddable":true,"href":"https:\/\/albertobernal.net\/es\/wp-json\/wp\/v2\/comments?post=606"}],"version-history":[{"count":14,"href":"https:\/\/albertobernal.net\/es\/wp-json\/wp\/v2\/posts\/606\/revisions"}],"predecessor-version":[{"id":2252,"href":"https:\/\/albertobernal.net\/es\/wp-json\/wp\/v2\/posts\/606\/revisions\/2252"}],"wp:featuredmedia":[{"embeddable":true,"href":"https:\/\/albertobernal.net\/es\/wp-json\/wp\/v2\/media\/766"}],"wp:attachment":[{"href":"https:\/\/albertobernal.net\/es\/wp-json\/wp\/v2\/media?parent=606"}],"wp:term":[{"taxonomy":"category","embeddable":true,"href":"https:\/\/albertobernal.net\/es\/wp-json\/wp\/v2\/categories?post=606"},{"taxonomy":"post_tag","embeddable":true,"href":"https:\/\/albertobernal.net\/es\/wp-json\/wp\/v2\/tags?post=606"}],"curies":[{"name":"wp","href":"https:\/\/api.w.org\/{rel}","templated":true}]}}